{"id":950,"date":"2023-12-12T18:06:01","date_gmt":"2023-12-12T17:06:01","guid":{"rendered":"https:\/\/azubiwerk.de\/?p=950"},"modified":"2024-02-15T10:30:23","modified_gmt":"2024-02-15T09:30:23","slug":"richtfest-altona","status":"publish","type":"post","link":"https:\/\/azubiwerk.de\/es\/richtfest-altona\/","title":{"rendered":"Ceremonia de remate Altona"},"content":{"rendered":"<p>El 16 de febrero de 2024 le invitamos cordialmente a celebrar con nosotros la ceremonia de inauguraci\u00f3n de nuestra nueva residencia en Hamburgo-Altona. Nos alegramos de poder terminar la construcci\u00f3n de la residencia este a\u00f1o y esperamos vivir con ustedes una ceremonia de inauguraci\u00f3n maravillosa. Estaremos encantados de contar con su presencia.<\/p>\n\n\n\n<div class=\"wp-block-buttons is-layout-flex wp-block-buttons-is-layout-flex\">\n<div class=\"wp-block-button is-style-primary\"><a class=\"wp-block-button__link wp-element-button\">\u00a1ME APUNTO!<\/a><\/div>\n<\/div>\n\n\n\n<p><\/p>","protected":false},"excerpt":{"rendered":"<p>El 16 de febrero de 2024, le invitamos cordialmente a celebrar con nosotros la ceremonia de remate de nuestra nueva residencia en Hamburgo-Altona. <\/p>","protected":false},"author":1,"featured_media":1761,"comment_status":"closed","ping_status":"closed","sticky":false,"template":"","format":"standard","meta":{"neve_meta_sidebar":"","neve_meta_container":"","neve_meta_enable_content_width":"","neve_meta_content_width":0,"neve_meta_title_alignment":"","neve_meta_author_avatar":"","neve_post_elements_order":"","neve_meta_disable_header":"","neve_meta_disable_footer":"","neve_meta_disable_title":"","neve_meta_reading_time":"","footnotes":""},"categories":[5],"tags":[],"class_list":["post-950","post","type-post","status-publish","format-standard","has-post-thumbnail","hentry","category-events"],"_links":{"self":[{"href":"https:\/\/azubiwerk.de\/es\/wp-json\/wp\/v2\/posts\/950","targetHints":{"allow":["GET"]}}],"collection":[{"href":"https:\/\/azubiwerk.de\/es\/wp-json\/wp\/v2\/posts"}],"about":[{"href":"https:\/\/azubiwerk.de\/es\/wp-json\/wp\/v2\/types\/post"}],"author":[{"embeddable":true,"href":"https:\/\/azubiwerk.de\/es\/wp-json\/wp\/v2\/users\/1"}],"replies":[{"embeddable":true,"href":"https:\/\/azubiwerk.de\/es\/wp-json\/wp\/v2\/comments?post=950"}],"version-history":[{"count":11,"href":"https:\/\/azubiwerk.de\/es\/wp-json\/wp\/v2\/posts\/950\/revisions"}],"predecessor-version":[{"id":1769,"href":"https:\/\/azubiwerk.de\/es\/wp-json\/wp\/v2\/posts\/950\/revisions\/1769"}],"wp:featuredmedia":[{"embeddable":true,"href":"https:\/\/azubiwerk.de\/es\/wp-json\/wp\/v2\/media\/1761"}],"wp:attachment":[{"href":"https:\/\/azubiwerk.de\/es\/wp-json\/wp\/v2\/media?parent=950"}],"wp:term":[{"taxonomy":"category","embeddable":true,"href":"https:\/\/azubiwerk.de\/es\/wp-json\/wp\/v2\/categories?post=950"},{"taxonomy":"post_tag","embeddable":true,"href":"https:\/\/azubiwerk.de\/es\/wp-json\/wp\/v2\/tags?post=950"}],"curies":[{"name":"wp","href":"https:\/\/api.w.org\/{rel}","templated":true}]}}